{"id":1477,"date":"2018-10-13T16:00:38","date_gmt":"2018-10-13T14:00:38","guid":{"rendered":"https:\/\/www.vakisk.hu\/?p=1477"},"modified":"2018-10-27T16:29:11","modified_gmt":"2018-10-27T14:29:11","slug":"sajtoanyag-es-beszamolo-a-nemzetkozi-feher-bot-napi-rendezvenyrol","status":"publish","type":"post","link":"https:\/\/www.vakisk.hu\/?p=1477","title":{"rendered":"Sajt\u00f3anyag \u00e9s besz\u00e1mol\u00f3 a Nemzetk\u00f6zi Feh\u00e9r bot napi rendezv\u00e9nyr\u0151l"},"content":{"rendered":"\n<div class=\"wp-block-image\"><figure class=\"aligncenter\"><img fetchpriority=\"high\" decoding=\"async\" width=\"886\" height=\"347\" src=\"https:\/\/www.vakisk.hu\/wp-content\/uploads\/2018\/10\/BMAlap\u00edtv\u00e1ny_Logo1.png\" alt=\"BM \u00e9s Informatika a l\u00e1t\u00e1ss\u00e9r\u00fcltek\u00e9rt Alap\u00edtv\u00e1ny logo\" class=\"wp-image-1479\" srcset=\"https:\/\/www.vakisk.hu\/wp-content\/uploads\/2018\/10\/BMAlap\u00edtv\u00e1ny_Logo1.png 886w, https:\/\/www.vakisk.hu\/wp-content\/uploads\/2018\/10\/BMAlap\u00edtv\u00e1ny_Logo1-300x117.png 300w, https:\/\/www.vakisk.hu\/wp-content\/uploads\/2018\/10\/BMAlap\u00edtv\u00e1ny_Logo1-768x301.png 768w, https:\/\/www.vakisk.hu\/wp-content\/uploads\/2018\/10\/BMAlap\u00edtv\u00e1ny_Logo1-150x59.png 150w, https:\/\/www.vakisk.hu\/wp-content\/uploads\/2018\/10\/BMAlap\u00edtv\u00e1ny_Logo1-250x98.png 250w\" sizes=\"(max-width: 886px) 100vw, 886px\" \/><\/figure><\/div>\n\n\n\n<h3 class=\"wp-block-heading\">Sajt\u00f3anyag az Informatika a L\u00e1t\u00e1ss\u00e9r\u00fcltek\u00e9rt Alap\u00edtv\u00e1ny \u00e9s a Bel\u00fcgyminiszt\u00e9rium<br \/>Nemzetk\u00f6zi Feh\u00e9r bot napi rendezv\u00e9ny\u00e9r\u0151l<\/h3>\n\n\n\n<p><strong>Az Informatika a L\u00e1t\u00e1ss\u00e9r\u00fcltek\u00e9rt Alap\u00edtv\u00e1ny \u00e9s a Bel\u00fcgyminiszt\u00e9rium Informatikai Helyettes \u00c1llamtitk\u00e1rs\u00e1ga 2018. okt\u00f3ber 13-\u00e1n, a Vakok \u00c1ltal\u00e1nos Iskol\u00e1j\u00e1nak N\u00e1dor Term\u00e9ben tartotta k\u00f6z\u00f6s feh\u00e9r bot napi rendezv\u00e9ny\u00e9t. Az alap\u00edtv\u00e1ny imm\u00e1r 15 \u00e9ve adom\u00e1nyoz k\u00e9perny\u0151olvas\u00f3 \u00e9s \u2013nagy\u00edt\u00f3 szoftvereket, fel\u00faj\u00edtott sz\u00e1m\u00edt\u00f3g\u00e9peket \u00e9s digit\u00e1lis diktafonokat vak \u00e9s gyeng\u00e9nl\u00e1t\u00f3 emberek sz\u00e1m\u00e1ra. A k\u00e9perny\u0151olvas\u00f3 \u00e9s \u2013nagy\u00edt\u00f3 szoftverek hallhat\u00f3v\u00e1 vagy sokszoros felnagy\u00edt\u00e1sban l\u00e1that\u00f3bb\u00e1 teszik a vak \u00e9s gyeng\u00e9nl\u00e1t\u00f3 emberek sz\u00e1m\u00e1ra a sz\u00e1m\u00edt\u00f3g\u00e9p k\u00e9perny\u0151j\u00e9n megjelen\u0151 inform\u00e1ci\u00f3kat. Ez\u00e1ltal biztos\u00edtj\u00e1k sz\u00e1mukra az inkluz\u00edv tanul\u00e1s, munkav\u00e9gz\u00e9s \u00e9s a szabadid\u0151 hasznos elt\u00f6lt\u00e9s\u00e9nek lehet\u0151s\u00e9g\u00e9t.<\/strong><br \/><\/p>\n\n\n\n<!--more-->\n\n\n\n<p>Id\u00e9n fontos m\u00e9rf\u00f6ldk\u0151h\u00f6z \u00e9rkezett az alap\u00edtv\u00e1ny. A Bel\u00fcgyminiszt\u00e9rium \u00e1ltal t\u00e1mogatott orsz\u00e1g licenc programnak k\u00f6sz\u00f6nhet\u0151en 2018. j\u00faliust\u00f3l a vak \u00e9s gyeng\u00e9nl\u00e1t\u00f3, valamint az olvas\u00e1sban akad\u00e1lyozott emberek, az \u0151ket oktat\u00f3 int\u00e9zm\u00e9nyek \u00e9s az \u0151ket foglalkoztat\u00f3 munkahelyek ingyenesen ig\u00e9nyelhetik a JAWS for Windows, a ZoomText, a Fusion \u00e9s a MAGic programok teljesk\u00f6r\u0171 haszn\u00e1lat\u00e1t lehet\u0151v\u00e9 tev\u0151 licenceit.<\/p>\n\n\n\n<p>Az orsz\u00e1g licenc beszerz\u00e9se, a \u201eK\u00d6FOP-1.0.0-VEKOP-15-2016-00025 &#8211; K\u00f6zigazgat\u00e1si szakrendszerek egys\u00e9ges el\u00e9r\u00e9s\u00e9hez \u00e9s interoperabilit\u00e1s\u00e1hoz k\u00f6zponti alkalmaz\u00e1s szint\u0171 szolg\u00e1ltat\u00e1sok biztos\u00edt\u00e1sa\u201d projekt keret\u00e9ben val\u00f3sult meg.<\/p>\n\n\n\n<p>A vil\u00e1gon Magyarorsz\u00e1g a harmadik orsz\u00e1g, mely biztos\u00edtja a vak, gyeng\u00e9nl\u00e1t\u00f3 \u00e9s olvas\u00e1sban akad\u00e1lyozott emberek sz\u00e1m\u00e1ra ezt a rendk\u00edv\u00fcli lehet\u0151s\u00e9get. Az elm\u00falt k\u00e9t \u00e9s f\u00e9l h\u00f3napban m\u00e1r t\u00f6bb mint 1.200 szoftverlicencet k\u00e9rtek \u00e9s kaptak meg az ig\u00e9nyl\u0151k, amelyekkel teljes\u00e9rt\u00e9k\u0171 v\u00e1ltozatban haszn\u00e1lhatj\u00e1k ezeket a nemzetk\u00f6zileg is legn\u00e9pszer\u0171bb seg\u00edt\u0151 szoftvereket. <\/p>\n\n\n\n<p>Az \u00fcnneps\u00e9gen ker\u00fclt bejelent\u00e9sre a h\u00edr, miszerint ezent\u00fal, Eur\u00f3p\u00e1ban egyed\u00fcl\u00e1ll\u00f3 m\u00f3don, nemcsak a Magyarorsz\u00e1g ter\u00fclet\u00e9n \u00e9l\u0151k, hanem a hat\u00e1ron t\u00fali, magyar igazolv\u00e1nnyal rendelkez\u0151k is ingyenesen ig\u00e9nyelhetik a szoftvereket.<\/p>\n\n\n\n<p>B\u00fcszk\u00e9k vagyunk arra, hogy alap\u00edtv\u00e1nyunk a Bel\u00fcgyminiszt\u00e9rium t\u00e1mogat\u00e1s\u00e1val, az amerikai Vispero c\u00e9gcsoporttal egy\u00fcttm\u0171k\u00f6d\u00e9sben fontos l\u00e9p\u00e9st tett annak \u00e9rdek\u00e9ben, hogy a vak \u00e9s gyeng\u00e9nl\u00e1t\u00f3 emberek sz\u00e1m\u00e1ra is l\u00e1that\u00f3 legyen a vil\u00e1g, \u00e9s a diszlexi\u00e1s emberek olvas\u00e1s\u00e9rt\u00e9se k\u00f6nnyebb\u00e9 v\u00e1ljon.<\/p>\n\n\n\n<p>Tov\u00e1bbi inform\u00e1ci\u00f3t az orsz\u00e1g licencr\u0151l \u00e9s az Informatika a L\u00e1t\u00e1ss\u00e9r\u00fcltek\u00e9rt Alap\u00edtv\u00e1ny k\u00f6zhaszn\u00fa tev\u00e9kenys\u00e9g\u00e9r\u0151l a k\u00f6vetkez\u0151 el\u00e9rhet\u0151s\u00e9geken kaphat:<\/p>\n\n\n\n<p><strong>Informatika a L\u00e1t\u00e1ss\u00e9r\u00fcltek\u00e9rt Alap\u00edtv\u00e1ny<\/strong><br \/><strong>Szuhaj Mih\u00e1ly, kurat\u00f3riumi eln\u00f6k<\/strong><br \/>E-mail: <a href=\"szuhaj.mihaly@infoalap.hu\" target=\"_blank\" rel=\"noreferrer noopener\">szuhaj.mihaly@infoalap.hu<\/a> <br \/>Mobil: +36-20-425-5233<\/p>\n\n\n\n<p><strong>Bel\u00fcgyminiszt\u00e9rium<\/strong><br \/>Email: <a href=\"sajto@bm.gov.hu\" target=\"_blank\" rel=\"noreferrer noopener\">sajto@bm.gov.hu<\/a><br \/>Tel.: +36-1-441-1641<\/p>\n\n\n\n<p>Budapest, 2018. okt\u00f3ber 13.<\/p>\n\n\n\n<h3 class=\"wp-block-heading\">Besz\u00e1mol\u00f3 az INFOALAP feh\u00e9r bot napi rendezv\u00e9ny\u00e9r\u0151l<br \/><\/h3>\n\n\n\n<p><strong>Az Informatika a L\u00e1t\u00e1ss\u00e9r\u00fcltek\u00e9rt Alap\u00edtv\u00e1ny okt\u00f3ber 13-\u00e1n tartotta feh\u00e9r bot napi rendezv\u00e9ny\u00e9t. T\u00f6bb okb\u00f3l is k\u00fcl\u00f6nleges nap volt sz\u00e1munkra ez az okt\u00f3ber 13-a. Egyr\u00e9szt mindig \u00f6r\u00f6m, ha a Feh\u00e9r Bot Napja alkalm\u00e1b\u00f3l tal\u00e1lkozhatunk r\u00e9gi \u00e9s \u00faj \u00fcgyfeleinkkel, akik minden nap haszn\u00e1lj\u00e1k, \u00e9s szeretik az Infoalap \u00e1ltal honos\u00edtott \u00e9s forgalmazott szoftvereket, akik 15 \u00e9ve rendszeresen p\u00e1ly\u00e1ztak hozz\u00e1nk adom\u00e1ny eszk\u00f6z\u00f6kre. De most a k\u00f6z\u00f6s \u00fcnnepl\u00e9snek egy k\u00fcl\u00f6nleges aprop\u00f3ja is volt, az orsz\u00e1g licenc program keret\u00e9ben mostant\u00f3l a hat\u00e1ron t\u00fali magyar l\u00e1t\u00e1ss\u00e9r\u00fclt felhaszn\u00e1l\u00f3k is jogosultak az ingyenes k\u00e9perny\u0151olvas\u00f3 \u00e9s \u2013 nagy\u00edt\u00f3 programokra.<\/strong><\/p>\n\n\n\n<p>Szombaton reggel, t\u00edz \u00f3ra el\u0151tt megtelt a rendezv\u00e9ny helysz\u00edne, a Vakok \u00c1ltal\u00e1nos Iskol\u00e1j\u00e1nak N\u00e1dor Terme. J\u00f3 volt hallani, ahogyan a k\u00f6z\u00f6ns\u00e9gben mindenki tal\u00e1lt egy-egy r\u00e9gi ismer\u0151st, akivel megoszthatta leg\u00fajabb JAWS- \u00e9s MAGic-\u00e9lm\u00e9nyeit.<\/p>\n\n\n\n<p>A rendezv\u00e9ny moder\u00e1tora Ag\u00e1rdi Szilvia, \u00e9nekes volt, akit az Infoalapnak az \u00fajs\u00e1golvas\u00e1st el\u0151mozd\u00edt\u00f3 k\u00f6z\u00f6ss\u00e9gi kezdem\u00e9nyez\u00e9se, a Lapr\u00f3l hangra kapcs\u00e1n ismerhetett meg a vak \u00e9s gyeng\u00e9nl\u00e1t\u00f3 k\u00f6z\u00f6ns\u00e9g. Az \u00fcnneps\u00e9get Szuhaj Mih\u00e1ly, az Informatika a L\u00e1t\u00e1ss\u00e9r\u00fcltek\u00e9rt Alap\u00edtv\u00e1ny eln\u00f6ke nyitotta meg. Visszatekintett az alap\u00edtv\u00e1ny 15 \u00e9ves adom\u00e1nyoz\u00e1si tev\u00e9kenys\u00e9g\u00e9re, besz\u00e9lt a kezdetekr\u0151l, amikor csup\u00e1n n\u00e9h\u00e1ny munkat\u00e1rsa volt az INFOALAP-nak. Elmondta, hogyan sz\u00e9lesedett ki az alap\u00edtv\u00e1ny tev\u00e9kenys\u00e9gi k\u00f6re, h\u00e1ny meg h\u00e1ny \u00faj tervre, pr\u00f3b\u00e1lkoz\u00e1sra \u00e9s sok-sok lelkes munkat\u00e1rsra volt sz\u00fcks\u00e9g ahhoz, hogy a szoftverhonos\u00edt\u00e1s els\u0151 l\u00e9p\u00e9seit\u0151l eljuthassunk az orsz\u00e1g licenc l\u00e9trej\u00f6tt\u00e9ig. Az elm\u00falt \u00e9vekben sz\u00e1mos honos\u00edt\u00e1si projektben, nemzetk\u00f6zi kutat\u00e1sban vett r\u00e9szt az INFOALAP, hogy az informatika \u00fajdons\u00e1gait elhozhassa a magyar vak \u00e9s gyeng\u00e9nl\u00e1t\u00f3 emberek sz\u00e1m\u00e1ra. Szuhaj Mih\u00e1ly hangs\u00falyozta, hogy a k\u00f6vetkez\u0151 h\u00fasz \u00e9vben is azon dolgozunk t\u00f6retlen lelkesed\u00e9ssel, hogy az informatika eszk\u00f6zeivel megk\u00f6nny\u00edts\u00fck a vak \u00e9s gyeng\u00e9nl\u00e1t\u00f3 emberek mindennapjait.<\/p>\n\n\n\n<p>Az orsz\u00e1g licenchez a Bel\u00fcgyminiszt\u00e9rium biztos\u00edtotta az anyagi forr\u00e1sokat, melynek k\u00e9pviselet\u00e9ben Majosh\u00e1zi Csaba \u00far, a Bel\u00fcgyminiszt\u00e9rium Informatikai Helyettes \u00c1llamtitk\u00e1rs\u00e1g\u00e1nak f\u0151oszt\u00e1lyvezet\u0151-helyettese l\u00e1togatott el a rendezv\u00e9nyre. Elmondta, hogy a Bel\u00fcgyminiszt\u00e9rium sz\u00e1m\u00e1ra rendk\u00edv\u00fcl nagy jelent\u0151s\u00e9g\u0171, hogy a korm\u00e1nyzati weboldalak, az egyes \u00e1llami \u00e9s \u00f6nkorm\u00e1nyzati szervek szolg\u00e1ltat\u00e1sai \u00e9s inform\u00e1ci\u00f3i mindenki sz\u00e1m\u00e1ra hozz\u00e1f\u00e9rhet\u0151ek legyenek. Az akad\u00e1lymentess\u00e9gnek nem csup\u00e1n egy elm\u00e9leti fogalomnak kell lennie, hanem a gyakorlatban j\u00f3l m\u0171k\u00f6d\u0151 p\u00e9ld\u00e1nak. Az akad\u00e1lymentess\u00e9ghez pedig n\u00e9lk\u00fcl\u00f6zhetetlenek azok a szoftverek, amelyek el\u00e9rhet\u0151v\u00e9, ha kell, hallhat\u00f3v\u00e1 \u00e9s val\u00f3ban k\u00e9zzelfoghat\u00f3v\u00e1 teszik az inform\u00e1ci\u00f3kat a vak \u00e9s gyeng\u00e9nl\u00e1t\u00f3 emberek sz\u00e1m\u00e1ra.<\/p>\n\n\n\n<p>Az orsz\u00e1g licencnek k\u00f6sz\u00f6nhet\u0151en id\u00e9n j\u00faliust\u00f3l egy \u00e9ven \u00e1t minden vak, gyeng\u00e9nl\u00e1t\u00f3 \u00e9s olvas\u00e1sban akad\u00e1lyozott ember, valamint az \u0151ket oktat\u00f3 int\u00e9zm\u00e9nyek \u00e9s az \u0151ket foglalkoztat\u00f3 c\u00e9gek ingyenesen let\u00f6lthetik a JAWS, a MAGic, a ZoomText \u00e9s a Fusion programokat. Ezek a k\u00e9perny\u0151olvas\u00f3 \u00e9s \u2013nagy\u00edt\u00f3 szoftverek n\u00e9lk\u00fcl\u00f6zhetetlenek a vak \u00e9s gyeng\u00e9nl\u00e1t\u00f3 emberek sz\u00e1m\u00e1ra a sz\u00e1m\u00edt\u00f3g\u00e9ppel t\u00f6rt\u00e9n\u0151 munkav\u00e9gz\u00e9shez.<\/p>\n\n\n\n<p>Majosh\u00e1zi Csaba \u00far k\u00fcl\u00f6n \u00f6r\u00f6m\u00e9t fejezte ki azzal kapcsolatban, hogy mostant\u00f3l a hat\u00e1ron t\u00fali magyar l\u00e1t\u00e1ss\u00e9r\u00fclt felhaszn\u00e1l\u00f3k is jogosultak az ingyenes k\u00e9perny\u0151olvas\u00f3 \u00e9s \u2013 nagy\u00edt\u00f3 programokra.<\/p>\n\n\n\n<p>Somorjai \u00c1gnes, a Vakok Iskol\u00e1j\u00e1nak int\u00e9zm\u00e9nyvezet\u0151je annak a jelent\u0151s\u00e9g\u00e9t emelte ki, hogy ezent\u00fal a Vakok Iskol\u00e1ja minden di\u00e1kja egyar\u00e1nt tudja haszn\u00e1lni a programokat otthoni \u00e9s iskolai g\u00e9p\u00e9n. Innent\u0151l kezdve nincsenek akad\u00e1lyai a h\u00e1zi feladatok meg\u00edr\u00e1s\u00e1nak, az inform\u00e1ci\u00f3gy\u0171jt\u00e9snek az interneten, az egy\u00fcttm\u0171k\u00f6d\u00e9snek m\u00e1s iskol\u00e1k tanul\u00f3csoportjaival.<\/p>\n\n\n\n<p>Tobias Winnes, a JAWS, a ZoomText, a Fusion \u00e9s a MAGic szoftvereket gy\u00e1rt\u00f3 Vispero c\u00e9gcsoport aleln\u00f6ke felid\u00e9zte a k\u00e9perny\u0151olvas\u00f3 programok gy\u00e1rt\u00e1s\u00e1nak kezdeteit. \u00c9rz\u00e9keltette annak a k\u00fcl\u00f6nlegess\u00e9g\u00e9t, hogy a k\u00e9perny\u0151olvas\u00f3 programot feltal\u00e1l\u00f3 m\u00e9rn\u00f6k maga is vak, teh\u00e1t \u0151 \u00e9s munkat\u00e1rsai a szoftverek leghitelesebb \u00e9s legkritikusabb tesztel\u0151i is. A Vispero c\u00e9gcsoport az INFOALAP-pal val\u00f3, mintegy k\u00e9t \u00e9vtizedes egy\u00fcttm\u0171k\u00f6d\u00e9s r\u00e9v\u00e9n mindig is jelen volt Magyarorsz\u00e1gon. Az, hogy a magyar felhaszn\u00e1l\u00f3k az orsz\u00e1g licenc \u00e1ltal a vil\u00e1gon legn\u00e9pszer\u0171bb k\u00e9perny\u0151olvas\u00f3 \u00e9s \u2013 nagy\u00edt\u00f3 szoftverekhez juthatnak hozz\u00e1, a Vispero \u00e9s az INFOALAP k\u00f6z\u00f6s sikere. Magyarorsz\u00e1g a vil\u00e1gon a harmadikk\u00e9nt biztos\u00edtja a vak, gyeng\u00e9nl\u00e1t\u00f3 \u00e9s olvas\u00e1sban akad\u00e1lyozott emberek sz\u00e1m\u00e1ra az orsz\u00e1g licenc rendk\u00edv\u00fcli lehet\u0151s\u00e9g\u00e9t. &#8211; jelentette ki Tobias Winnes.<\/p>\n\n\n\n<p>A besz\u00e9dek ut\u00e1n az Igen Jazz zenekar, amelynek M\u00e1rkus Norbert koll\u00e9g\u00e1nk is tagja, sz\u00f3rakoztatta a k\u00f6z\u00f6ns\u00e9get. K\u00f6sz\u00f6nj\u00fck nekik a k\u00fcl\u00f6nleges zenei \u00e9lm\u00e9nyt! A k\u00f6z\u00f6ns\u00e9g soraib\u00f3l \u00e9rkez\u0151 k\u00e9rd\u00e9sek, kedves szavak, a sok-sok biztat\u00e1s meger\u0151s\u00edt benn\u00fcnket abban, hogy olyan szoftvereket \u00e9s hardvereket honos\u00edtunk, olyan alkalmaz\u00e1sokat hozunk l\u00e9tre, amelyek hozz\u00e1tartoznak a magyarul besz\u00e9l\u0151 l\u00e1t\u00e1ss\u00e9r\u00fclt emberek mindennapjaihoz.<\/p>\n\n\n\n<p>K\u00f6sz\u00f6nj\u00fck, hogy egy\u00fctt \u00fcnnepelhett\u00fck meg \u00d6n\u00f6kkel a Feh\u00e9r bot napj\u00e1t.<\/p>\n","protected":false},"excerpt":{"rendered":"<p> <a class=\"continue-reading-link\" href=\"https:\/\/www.vakisk.hu\/?p=1477\">Tov\u00e1bb <span class=\"meta-nav\">&rarr; <\/span><\/a><\/p>\n","protected":false},"author":1,"featured_media":0,"comment_status":"open","ping_status":"open","sticky":false,"template":"","format":"standard","meta":{"footnotes":""},"categories":[27,25,19,21],"tags":[],"class_list":["post-1477","post","type-post","status-publish","format-standard","hentry","category-informatika-a-latasserultekert-alapitvany","category-media","category-rendezveny","category-tajekoztato"],"_links":{"self":[{"href":"https:\/\/www.vakisk.hu\/index.php?rest_route=\/wp\/v2\/posts\/1477","targetHints":{"allow":["GET"]}}],"collection":[{"href":"https:\/\/www.vakisk.hu\/index.php?rest_route=\/wp\/v2\/posts"}],"about":[{"href":"https:\/\/www.vakisk.hu\/index.php?rest_route=\/wp\/v2\/types\/post"}],"author":[{"embeddable":true,"href":"https:\/\/www.vakisk.hu\/index.php?rest_route=\/wp\/v2\/users\/1"}],"replies":[{"embeddable":true,"href":"https:\/\/www.vakisk.hu\/index.php?rest_route=%2Fwp%2Fv2%2Fcomments&post=1477"}],"version-history":[{"count":0,"href":"https:\/\/www.vakisk.hu\/index.php?rest_route=\/wp\/v2\/posts\/1477\/revisions"}],"wp:attachment":[{"href":"https:\/\/www.vakisk.hu\/index.php?rest_route=%2Fwp%2Fv2%2Fmedia&parent=1477"}],"wp:term":[{"taxonomy":"category","embeddable":true,"href":"https:\/\/www.vakisk.hu\/index.php?rest_route=%2Fwp%2Fv2%2Fcategories&post=1477"},{"taxonomy":"post_tag","embeddable":true,"href":"https:\/\/www.vakisk.hu\/index.php?rest_route=%2Fwp%2Fv2%2Ftags&post=1477"}],"curies":[{"name":"wp","href":"https:\/\/api.w.org\/{rel}","templated":true}]}}