{"id":4574,"date":"2022-03-31T19:36:03","date_gmt":"2022-03-31T17:36:03","guid":{"rendered":"https:\/\/www.vakisk.hu\/?p=4574"},"modified":"2022-03-31T19:38:49","modified_gmt":"2022-03-31T17:38:49","slug":"beiratkozasi-felhivas-a-2022-2023-as-tanevre","status":"publish","type":"post","link":"https:\/\/www.vakisk.hu\/?p=4574","title":{"rendered":"Beiratkoz\u00e1si felh\u00edv\u00e1s a 2022\/2023-as tan\u00e9vre"},"content":{"rendered":"\t\t<div data-elementor-type=\"wp-post\" data-elementor-id=\"4574\" class=\"elementor elementor-4574\">\n\t\t\t\t\t\t<section class=\"elementor-section elementor-top-section elementor-element elementor-element-65b577a elementor-section-boxed elementor-section-height-default elementor-section-height-default\" data-id=\"65b577a\" data-element_type=\"section\" data-e-type=\"section\">\n\t\t\t\t\t\t<div class=\"elementor-container elementor-column-gap-default\">\n\t\t\t\t\t<div class=\"elementor-column elementor-col-100 elementor-top-column elementor-element elementor-element-e16c776\" data-id=\"e16c776\" data-element_type=\"column\" data-e-type=\"column\">\n\t\t\t<div class=\"elementor-widget-wrap elementor-element-populated\">\n\t\t\t\t\t\t<div class=\"elementor-element elementor-element-3dcb247 elementor-invisible elementor-widget elementor-widget-image\" data-id=\"3dcb247\" data-element_type=\"widget\" data-e-type=\"widget\" data-settings=\"{&quot;_animation&quot;:&quot;zoomIn&quot;}\" data-widget_type=\"image.default\">\n\t\t\t\t<div class=\"elementor-widget-container\">\n\t\t\t\t\t\t\t\t\t\t\t\t\t\t\t\t<a href=\"https:\/\/www.vakisk.hu\/wp-content\/uploads\/2021\/04\/BejegyzesFaceTwitter_AltalanosIskBeiratkozas_1.png\" data-elementor-open-lightbox=\"yes\" data-elementor-lightbox-title=\"Bejegyz\u00e9s, Facebook, Twitter: \u00c1ltal\u00e1nos iskolai beiratkoz\u00e1s, #1\" data-elementor-lightbox-description=\"Bejegyz\u00e9s, Facebook, Twitter: \u00c1ltal\u00e1nos iskolai beiratkoz\u00e1s, #1\" data-e-action-hash=\"#elementor-action%3Aaction%3Dlightbox%26settings%3DeyJpZCI6MzczMCwidXJsIjoiaHR0cHM6XC9cL3d3dy52YWtpc2suaHVcL3dwLWNvbnRlbnRcL3VwbG9hZHNcLzIwMjFcLzA0XC9CZWplZ3l6ZXNGYWNlVHdpdHRlcl9BbHRhbGFub3NJc2tCZWlyYXRrb3phc18xLnBuZyJ9\">\n\t\t\t\t\t\t\t<img fetchpriority=\"high\" decoding=\"async\" width=\"800\" height=\"419\" src=\"https:\/\/www.vakisk.hu\/wp-content\/uploads\/2021\/04\/BejegyzesFaceTwitter_AltalanosIskBeiratkozas_1-1024x536.png\" class=\"elementor-animation-buzz-out attachment-large size-large wp-image-3730\" alt=\"Bejegyz\u00e9s, Facebook, Twitter: \u00c1ltal\u00e1nos iskolai beiratkoz\u00e1s, #1\" srcset=\"https:\/\/www.vakisk.hu\/wp-content\/uploads\/2021\/04\/BejegyzesFaceTwitter_AltalanosIskBeiratkozas_1-1024x536.png 1024w, https:\/\/www.vakisk.hu\/wp-content\/uploads\/2021\/04\/BejegyzesFaceTwitter_AltalanosIskBeiratkozas_1-300x157.png 300w, https:\/\/www.vakisk.hu\/wp-content\/uploads\/2021\/04\/BejegyzesFaceTwitter_AltalanosIskBeiratkozas_1-768x402.png 768w, https:\/\/www.vakisk.hu\/wp-content\/uploads\/2021\/04\/BejegyzesFaceTwitter_AltalanosIskBeiratkozas_1-150x79.png 150w, https:\/\/www.vakisk.hu\/wp-content\/uploads\/2021\/04\/BejegyzesFaceTwitter_AltalanosIskBeiratkozas_1.png 1224w\" sizes=\"(max-width: 800px) 100vw, 800px\" \/>\t\t\t\t\t\t\t\t<\/a>\n\t\t\t\t\t\t\t\t\t\t\t\t\t\t\t<\/div>\n\t\t\t\t<\/div>\n\t\t\t\t\t<\/div>\n\t\t<\/div>\n\t\t\t\t\t<\/div>\n\t\t<\/section>\n\t\t\t\t<section class=\"elementor-section elementor-top-section elementor-element elementor-element-1780cc6 elementor-section-boxed elementor-section-height-default elementor-section-height-default\" data-id=\"1780cc6\" data-element_type=\"section\" data-e-type=\"section\">\n\t\t\t\t\t\t<div class=\"elementor-container elementor-column-gap-default\">\n\t\t\t\t\t<div class=\"elementor-column elementor-col-100 elementor-top-column elementor-element elementor-element-70e6c13\" data-id=\"70e6c13\" data-element_type=\"column\" data-e-type=\"column\">\n\t\t\t<div class=\"elementor-widget-wrap elementor-element-populated\">\n\t\t\t\t\t\t<div class=\"elementor-element elementor-element-bf8c767 elementor-invisible elementor-widget elementor-widget-text-editor\" data-id=\"bf8c767\" data-element_type=\"widget\" data-e-type=\"widget\" data-settings=\"{&quot;_animation&quot;:&quot;zoomIn&quot;}\" data-widget_type=\"text-editor.default\">\n\t\t\t\t<div class=\"elementor-widget-container\">\n\t\t\t\t\t\t\t\t\t<p>Tisztelt Sz\u00fcl\u0151k!<\/p><p><a href=\"https:\/\/www.vakisk.hu\/wp-content\/uploads\/2022\/03\/Beiratkozasi-felhivas-alt.isk_.2022-23.pdf\" target=\"_blank\" rel=\"noopener\">Az els\u0151 oszt\u00e1lyosok be\u00edrat\u00e1s\u00e1nak<\/a> id\u0151pontja<br \/>2022 \u00e1prilis 21-22 (cs\u00fct\u00f6rt\u00f6k-p\u00e9ntek).<\/p><p>A beiratkoz\u00e1s online val\u00f3sul meg a Kr\u00e9ta rendszer <a href=\"https:\/\/eugyintezes.e-kreta.hu\/kezdolap\" target=\"_blank\" rel=\"noopener\">e-\u00dcgyint\u00e9z\u00e9s<\/a> fel\u00fclet\u00e9n.<br \/>A beiratkoz\u00e1ssal kapcsolatos k\u00e9rd\u00e9seikkel keress\u00e9k<br \/><a href=\"mailto:tothagnes@vakisk.hu\" target=\"_blank\" rel=\"noopener\"><span style=\"text-decoration: underline;\">T\u00f3th \u00c1gnes<\/span><\/a><strong><br \/><\/strong>\u00e1ltal\u00e1nos iskolai int\u00e9zm\u00e9nyegys\u00e9g-vezet\u0151t!<br \/>E-mail: <a href=\"mailto:tothagnes@vakisk.hu\" target=\"_blank\" rel=\"noopener\">tothagnes@vakisk.hu<\/a><br \/>Telefon: +36 (30) 944-5485<\/p>\t\t\t\t\t\t\t\t<\/div>\n\t\t\t\t<\/div>\n\t\t\t\t\t<\/div>\n\t\t<\/div>\n\t\t\t\t\t<\/div>\n\t\t<\/section>\n\t\t\t\t<\/div>\n\t\t","protected":false},"excerpt":{"rendered":"<p>Beiratkoz\u00e1si felh\u00edv\u00e1s a tank\u00f6teless\u00e9 v\u00e1l\u00f3 gyermekek iskolai be\u00edrat\u00e1s\u00e1ra a 2022\/2023-as tan\u00e9vre. <a class=\"continue-reading-link\" href=\"https:\/\/www.vakisk.hu\/?p=4574\">Tov\u00e1bb <span class=\"meta-nav\">&rarr; <\/span><\/a><\/p>\n","protected":false},"author":1,"featured_media":3730,"comment_status":"open","ping_status":"open","sticky":false,"template":"","format":"standard","meta":{"footnotes":""},"categories":[9,21],"tags":[149,129,127],"class_list":["post-4574","post","type-post","status-publish","format-standard","has-post-thumbnail","hentry","category-altalanos-iskola","category-tajekoztato","tag-2022-2023-as-tanev","tag-altalanos-iskola","tag-beiratkozasi-felhivas"],"_links":{"self":[{"href":"https:\/\/www.vakisk.hu\/index.php?rest_route=\/wp\/v2\/posts\/4574","targetHints":{"allow":["GET"]}}],"collection":[{"href":"https:\/\/www.vakisk.hu\/index.php?rest_route=\/wp\/v2\/posts"}],"about":[{"href":"https:\/\/www.vakisk.hu\/index.php?rest_route=\/wp\/v2\/types\/post"}],"author":[{"embeddable":true,"href":"https:\/\/www.vakisk.hu\/index.php?rest_route=\/wp\/v2\/users\/1"}],"replies":[{"embeddable":true,"href":"https:\/\/www.vakisk.hu\/index.php?rest_route=%2Fwp%2Fv2%2Fcomments&post=4574"}],"version-history":[{"count":0,"href":"https:\/\/www.vakisk.hu\/index.php?rest_route=\/wp\/v2\/posts\/4574\/revisions"}],"wp:featuredmedia":[{"embeddable":true,"href":"https:\/\/www.vakisk.hu\/index.php?rest_route=\/wp\/v2\/media\/3730"}],"wp:attachment":[{"href":"https:\/\/www.vakisk.hu\/index.php?rest_route=%2Fwp%2Fv2%2Fmedia&parent=4574"}],"wp:term":[{"taxonomy":"category","embeddable":true,"href":"https:\/\/www.vakisk.hu\/index.php?rest_route=%2Fwp%2Fv2%2Fcategories&post=4574"},{"taxonomy":"post_tag","embeddable":true,"href":"https:\/\/www.vakisk.hu\/index.php?rest_route=%2Fwp%2Fv2%2Ftags&post=4574"}],"curies":[{"name":"wp","href":"https:\/\/api.w.org\/{rel}","templated":true}]}}