{"id":5130,"date":"2022-10-04T19:06:49","date_gmt":"2022-10-04T17:06:49","guid":{"rendered":"https:\/\/www.vakisk.hu\/?p=5130"},"modified":"2022-10-04T19:10:35","modified_gmt":"2022-10-04T17:10:35","slug":"tanev-rendje-felhivas","status":"publish","type":"post","link":"https:\/\/www.vakisk.hu\/?p=5130","title":{"rendered":"Tan\u00e9v rendje felh\u00edv\u00e1s!"},"content":{"rendered":"\t\t<div data-elementor-type=\"wp-post\" data-elementor-id=\"5130\" class=\"elementor elementor-5130\">\n\t\t\t\t\t\t<section class=\"elementor-section elementor-top-section elementor-element elementor-element-266d64c elementor-section-boxed elementor-section-height-default elementor-section-height-default\" data-id=\"266d64c\" data-element_type=\"section\" data-e-type=\"section\">\n\t\t\t\t\t\t<div class=\"elementor-container elementor-column-gap-default\">\n\t\t\t\t\t<div class=\"elementor-column elementor-col-100 elementor-top-column elementor-element elementor-element-a3dc9de\" data-id=\"a3dc9de\" data-element_type=\"column\" data-e-type=\"column\">\n\t\t\t<div class=\"elementor-widget-wrap elementor-element-populated\">\n\t\t\t\t\t\t<div class=\"elementor-element elementor-element-3858738 elementor-invisible elementor-widget elementor-widget-text-editor\" data-id=\"3858738\" data-element_type=\"widget\" data-e-type=\"widget\" data-settings=\"{&quot;_animation&quot;:&quot;zoomIn&quot;}\" data-widget_type=\"text-editor.default\">\n\t\t\t\t<div class=\"elementor-widget-container\">\n\t\t\t\t\t\t\t\t\t<p style=\"text-align: center;\">Kedves Sz\u00fcl\u0151k!<\/p><p style=\"text-align: center;\">A Korm\u00e1ny 368\/2022 (IX.29.) sz\u00e1m\u00fa Korm\u00e1nyrendelete alapj\u00e1n<br \/>a 2022\/2023 tan\u00e9v rendje m\u00f3dosult.<\/p><p style=\"text-align: left;\">Ez a m\u00f3dos\u00edt\u00e1s h\u00e1rom esetben is \u00e9rinti az iskol\u00e1t, a dolgoz\u00f3kat \u00e9s a csal\u00e1dokat:<br \/>&#8211; Az <span style=\"text-decoration: underline;\">\u0151szi sz\u00fcnet<\/span> a 2022\/2023-as tan\u00e9vben nem adhat\u00f3 ki, \u00edgy 2022 november 2-3-4-\u00e9n tan\u00edt\u00e1s lesz!<br \/>&#8211; A <span style=\"text-decoration: underline;\">t\u00e9li sz\u00fcnet<\/span> meghosszabbodik, 2022 december 22-t\u0151l 2023 janu\u00e1r 8-ig tart.<br \/>&#8211; A <span style=\"text-decoration: underline;\">tan\u00e9v utols\u00f3 tan\u00edt\u00e1si napja<\/span> egy nappal k\u00e9s\u0151bbre ker\u00fcl, vagyis az utols\u00f3 tan\u00edt\u00e1si nap 2023 j\u00fanius 16., p\u00e9ntek.<br \/><br \/>A t\u00e9li sz\u00fcnet teh\u00e1t 4 nappal hosszabb lesz, amit november 2-3-4-e \u00e9s j\u00fanius 16-a p\u00f3tol, hogy a tan\u00edt\u00e1si napok sz\u00e1ma ne v\u00e1ltozzon.<br \/>Az \u0151szi sz\u00fcnet elmarad\u00e1sa miatt a koll\u00e9gista gyerekeket Mindenszentek napj\u00e1n, november 1-\u00e9n m\u00e1r fogadjuk a koll\u00e9giumban.<br \/>Abban az esetben, ha el\u0151re eltervezett csal\u00e1di programok miatt nem tudj\u00e1k behozni a gyerekeket ezekre a napokra, k\u00e9rj\u00fck, hogy ezt el\u0151re \u00edr\u00e1sban jelezz\u00e9k az oszt\u00e1lyf\u0151n\u00f6knek vagy az igazgat\u00f3nak, \u00e9s sz\u00fcl\u0151k\u00e9nt igazolj\u00e1k a hi\u00e1nyz\u00e1st.<br \/>Az okt\u00f3ber 15-i munkanap miatt az okt\u00f3ber 31-i pihen\u0151nap v\u00e1ltozatlanul megmaradt.<br \/><br \/><\/p>\t\t\t\t\t\t\t\t<\/div>\n\t\t\t\t<\/div>\n\t\t\t\t\t<\/div>\n\t\t<\/div>\n\t\t\t\t\t<\/div>\n\t\t<\/section>\n\t\t\t\t<\/div>\n\t\t","protected":false},"excerpt":{"rendered":"<p>A Korm\u00e1ny 368\/2022 (IX.29.) sz\u00e1m\u00fa Korm\u00e1nyrendelete alapj\u00e1n a 2022\/2023 tan\u00e9v rendje m\u00f3dosult. <a class=\"continue-reading-link\" href=\"https:\/\/www.vakisk.hu\/?p=5130\">Tov\u00e1bb <span class=\"meta-nav\">&rarr; <\/span><\/a><\/p>\n","protected":false},"author":1,"featured_media":0,"comment_status":"open","ping_status":"open","sticky":false,"template":"","format":"standard","meta":{"footnotes":""},"categories":[21,34],"tags":[84,166],"class_list":["post-5130","post","type-post","status-publish","format-standard","hentry","category-tajekoztato","category-vgyke","tag-felhivas","tag-tanev-rendje"],"_links":{"self":[{"href":"https:\/\/www.vakisk.hu\/index.php?rest_route=\/wp\/v2\/posts\/5130","targetHints":{"allow":["GET"]}}],"collection":[{"href":"https:\/\/www.vakisk.hu\/index.php?rest_route=\/wp\/v2\/posts"}],"about":[{"href":"https:\/\/www.vakisk.hu\/index.php?rest_route=\/wp\/v2\/types\/post"}],"author":[{"embeddable":true,"href":"https:\/\/www.vakisk.hu\/index.php?rest_route=\/wp\/v2\/users\/1"}],"replies":[{"embeddable":true,"href":"https:\/\/www.vakisk.hu\/index.php?rest_route=%2Fwp%2Fv2%2Fcomments&post=5130"}],"version-history":[{"count":0,"href":"https:\/\/www.vakisk.hu\/index.php?rest_route=\/wp\/v2\/posts\/5130\/revisions"}],"wp:attachment":[{"href":"https:\/\/www.vakisk.hu\/index.php?rest_route=%2Fwp%2Fv2%2Fmedia&parent=5130"}],"wp:term":[{"taxonomy":"category","embeddable":true,"href":"https:\/\/www.vakisk.hu\/index.php?rest_route=%2Fwp%2Fv2%2Fcategories&post=5130"},{"taxonomy":"post_tag","embeddable":true,"href":"https:\/\/www.vakisk.hu\/index.php?rest_route=%2Fwp%2Fv2%2Ftags&post=5130"}],"curies":[{"name":"wp","href":"https:\/\/api.w.org\/{rel}","templated":true}]}}