{"id":706,"date":"2018-04-04T18:00:17","date_gmt":"2018-04-04T16:00:17","guid":{"rendered":"http:\/\/www.vakisk.hu\/?p=706"},"modified":"2018-04-07T18:18:17","modified_gmt":"2018-04-07T16:18:17","slug":"szakiskolai-szuloi-forum-facebook-oldal","status":"publish","type":"post","link":"https:\/\/www.vakisk.hu\/?p=706","title":{"rendered":"Szakiskolai Sz\u00fcl\u0151i F\u00f3rum Facebook oldal"},"content":{"rendered":"<p><a href=\"https:\/\/www.vakisk.hu\/wp-content\/uploads\/2018\/04\/SzSzF.jpg\"><img fetchpriority=\"high\" decoding=\"async\" class=\"alignnone wp-image-725 size-large\" src=\"https:\/\/www.vakisk.hu\/wp-content\/uploads\/2018\/04\/SzSzF-1024x625.jpg\" alt=\"Szakiskolai Sz\u00fcl\u0151i F\u00f3rum a Facebookon\" width=\"800\" height=\"488\" srcset=\"https:\/\/www.vakisk.hu\/wp-content\/uploads\/2018\/04\/SzSzF-1024x625.jpg 1024w, https:\/\/www.vakisk.hu\/wp-content\/uploads\/2018\/04\/SzSzF-300x183.jpg 300w, https:\/\/www.vakisk.hu\/wp-content\/uploads\/2018\/04\/SzSzF-768x469.jpg 768w, https:\/\/www.vakisk.hu\/wp-content\/uploads\/2018\/04\/SzSzF-150x92.jpg 150w, https:\/\/www.vakisk.hu\/wp-content\/uploads\/2018\/04\/SzSzF-246x150.jpg 246w\" sizes=\"(max-width: 800px) 100vw, 800px\" \/><\/a><\/p>\n<p>T\u00e1j\u00e9koztatjuk a szakiskolai tanul\u00f3k tan\u00e1rait, nevel\u0151it \u00e9s sz\u00fcleit, hogy megalak\u00edtottuk a <strong>Szakiskolai Sz\u00fcl\u0151i F\u00f3rum<\/strong> nev\u0171 Facebook csoportot.<br \/>\nAz oldal c\u00edme: <a href=\"https:\/\/www.facebook.com\/groups\/203186066940173\/\" target=\"_blank\" rel=\"noopener\">https:\/\/www.facebook.com\/groups\/203186066940173\/<\/a><\/p>\n<p>A csoport c\u00e9lja, hogy a l\u00e1t\u00e1ss\u00e9r\u00fcltek szakiskol\u00e1j\u00e1ban a sz\u00fcl\u0151k, a tan\u00e1rok \u00e9s a vezet\u0151 k\u00f6z\u00f6tti p\u00e1rbesz\u00e9det megk\u00f6nny\u00edtse, hasznos inform\u00e1ci\u00f3kat szolg\u00e1ltasson a szakiskolai \u00e9lettel, esem\u00e9nyekkel kapcsolatban.<br \/>\nMinden sz\u00fcl\u0151t szeretettel v\u00e1runk a csoportban!<\/p>\n<p>A csoport z\u00e1rt, teh\u00e1t akik Facebook felhaszn\u00e1l\u00f3k\u00e9nt r\u00e9szei k\u00edv\u00e1nnak lenni a csoportnak,<br \/>\nazoknak a csoport adminisztr\u00e1torok egyik\u00e9t\u0151l kell megh\u00edv\u00f3t\/felv\u00e9tel\u00fcket k\u00e9rni\u00fck e-mailben vagy a Facebook\/Messenger seg\u00edts\u00e9g\u00e9vel:<\/p>\n<ul>\n<li>D\u00e1vidh\u00e1zi Szilvia<\/li>\n<li>Ekkert Zsuzsanna<\/li>\n<li>Grezner Ferenc<\/li>\n<li>Schmelz-Nagy Nikolett<\/li>\n<li>Szak\u00e1l Dezdem\u00f3na<\/li>\n<li>Szentirmay Csilla<\/li>\n<li>Szentkuti Edit<\/li>\n<li>T\u00f3th \u00c1gnes<\/li>\n<\/ul>\n<p>A weboldal jobb sz\u00e9l\u00e9n l\u00e1that\u00f3 m\u00e1sodik Facebook ikonra kattintva is el\u00e9rhet\u0151 a f\u00f3rum -&gt;<\/p>\n<p>&nbsp;<\/p>\n","protected":false},"excerpt":{"rendered":"<p> <a class=\"continue-reading-link\" href=\"https:\/\/www.vakisk.hu\/?p=706\">Tov\u00e1bb <span class=\"meta-nav\">&rarr; <\/span><\/a><\/p>\n","protected":false},"author":1,"featured_media":0,"comment_status":"closed","ping_status":"closed","sticky":false,"template":"","format":"standard","meta":{"footnotes":""},"categories":[7],"tags":[],"class_list":["post-706","post","type-post","status-publish","format-standard","hentry","category-szakiskola"],"_links":{"self":[{"href":"https:\/\/www.vakisk.hu\/index.php?rest_route=\/wp\/v2\/posts\/706","targetHints":{"allow":["GET"]}}],"collection":[{"href":"https:\/\/www.vakisk.hu\/index.php?rest_route=\/wp\/v2\/posts"}],"about":[{"href":"https:\/\/www.vakisk.hu\/index.php?rest_route=\/wp\/v2\/types\/post"}],"author":[{"embeddable":true,"href":"https:\/\/www.vakisk.hu\/index.php?rest_route=\/wp\/v2\/users\/1"}],"replies":[{"embeddable":true,"href":"https:\/\/www.vakisk.hu\/index.php?rest_route=%2Fwp%2Fv2%2Fcomments&post=706"}],"version-history":[{"count":0,"href":"https:\/\/www.vakisk.hu\/index.php?rest_route=\/wp\/v2\/posts\/706\/revisions"}],"wp:attachment":[{"href":"https:\/\/www.vakisk.hu\/index.php?rest_route=%2Fwp%2Fv2%2Fmedia&parent=706"}],"wp:term":[{"taxonomy":"category","embeddable":true,"href":"https:\/\/www.vakisk.hu\/index.php?rest_route=%2Fwp%2Fv2%2Fcategories&post=706"},{"taxonomy":"post_tag","embeddable":true,"href":"https:\/\/www.vakisk.hu\/index.php?rest_route=%2Fwp%2Fv2%2Ftags&post=706"}],"curies":[{"name":"wp","href":"https:\/\/api.w.org\/{rel}","templated":true}]}}