{"id":7524,"date":"2024-10-07T16:00:00","date_gmt":"2024-10-07T14:00:00","guid":{"rendered":"https:\/\/www.vakisk.hu\/?p=7524"},"modified":"2024-11-12T10:59:27","modified_gmt":"2024-11-12T09:59:27","slug":"nyilt-nap-a-szakiskolaban-2","status":"publish","type":"post","link":"https:\/\/www.vakisk.hu\/?p=7524","title":{"rendered":"Ny\u00edlt nap a Szakiskol\u00e1ban!"},"content":{"rendered":"\t\t<div data-elementor-type=\"wp-post\" data-elementor-id=\"7524\" class=\"elementor elementor-7524\">\n\t\t\t\t\t\t<section class=\"elementor-section elementor-top-section elementor-element elementor-element-286689c elementor-section-boxed elementor-section-height-default elementor-section-height-default\" data-id=\"286689c\" data-element_type=\"section\" data-e-type=\"section\">\n\t\t\t\t\t\t<div class=\"elementor-container elementor-column-gap-default\">\n\t\t\t\t\t<div class=\"elementor-column elementor-col-100 elementor-top-column elementor-element elementor-element-d69a201\" data-id=\"d69a201\" data-element_type=\"column\" data-e-type=\"column\">\n\t\t\t<div class=\"elementor-widget-wrap elementor-element-populated\">\n\t\t\t\t\t\t<div class=\"elementor-element elementor-element-ae42e3c elementor-invisible elementor-widget elementor-widget-image\" data-id=\"ae42e3c\" data-element_type=\"widget\" data-e-type=\"widget\" data-settings=\"{&quot;_animation&quot;:&quot;zoomIn&quot;}\" data-widget_type=\"image.default\">\n\t\t\t\t<div class=\"elementor-widget-container\">\n\t\t\t\t\t\t\t\t\t\t\t\t\t\t\t\t<a href=\"https:\/\/www.vakisk.hu\/wp-content\/uploads\/2021\/10\/BejegyzesFaceTwitter_SzakiskolaNyiltnap_1.png\" data-elementor-open-lightbox=\"yes\" data-elementor-lightbox-title=\"Bejegyz\u00e9s, Facebook, Twitter: Szakiskola ny\u00edlt nap, #1\" data-elementor-lightbox-description=\"Bejegyz\u00e9s, Facebook, Twitter: Szakiskola ny\u00edlt nap, #1\" data-e-action-hash=\"#elementor-action%3Aaction%3Dlightbox%26settings%3DeyJpZCI6NDE3MiwidXJsIjoiaHR0cHM6XC9cL3d3dy52YWtpc2suaHVcL3dwLWNvbnRlbnRcL3VwbG9hZHNcLzIwMjFcLzEwXC9CZWplZ3l6ZXNGYWNlVHdpdHRlcl9TemFraXNrb2xhTnlpbHRuYXBfMS5wbmcifQ%3D%3D\">\n\t\t\t\t\t\t\t<img fetchpriority=\"high\" decoding=\"async\" width=\"800\" height=\"420\" src=\"https:\/\/www.vakisk.hu\/wp-content\/uploads\/2021\/10\/BejegyzesFaceTwitter_SzakiskolaNyiltnap_1-1024x537.png\" class=\"elementor-animation-buzz-out attachment-large size-large wp-image-4172\" alt=\"Bejegyz\u00e9s, Facebook, Twitter: Szakiskola ny\u00edlt nap, #1\" srcset=\"https:\/\/www.vakisk.hu\/wp-content\/uploads\/2021\/10\/BejegyzesFaceTwitter_SzakiskolaNyiltnap_1-1024x537.png 1024w, https:\/\/www.vakisk.hu\/wp-content\/uploads\/2021\/10\/BejegyzesFaceTwitter_SzakiskolaNyiltnap_1-300x157.png 300w, https:\/\/www.vakisk.hu\/wp-content\/uploads\/2021\/10\/BejegyzesFaceTwitter_SzakiskolaNyiltnap_1-768x402.png 768w, https:\/\/www.vakisk.hu\/wp-content\/uploads\/2021\/10\/BejegyzesFaceTwitter_SzakiskolaNyiltnap_1-150x79.png 150w, https:\/\/www.vakisk.hu\/wp-content\/uploads\/2021\/10\/BejegyzesFaceTwitter_SzakiskolaNyiltnap_1.png 1210w\" sizes=\"(max-width: 800px) 100vw, 800px\" \/>\t\t\t\t\t\t\t\t<\/a>\n\t\t\t\t\t\t\t\t\t\t\t\t\t\t\t<\/div>\n\t\t\t\t<\/div>\n\t\t\t\t\t<\/div>\n\t\t<\/div>\n\t\t\t\t\t<\/div>\n\t\t<\/section>\n\t\t\t\t<section class=\"elementor-section elementor-top-section elementor-element elementor-element-00c77f7 elementor-section-boxed elementor-section-height-default elementor-section-height-default\" data-id=\"00c77f7\" data-element_type=\"section\" data-e-type=\"section\">\n\t\t\t\t\t\t<div class=\"elementor-container elementor-column-gap-default\">\n\t\t\t\t\t<div class=\"elementor-column elementor-col-100 elementor-top-column elementor-element elementor-element-5f950e2\" data-id=\"5f950e2\" data-element_type=\"column\" data-e-type=\"column\">\n\t\t\t<div class=\"elementor-widget-wrap elementor-element-populated\">\n\t\t\t\t\t\t<div class=\"elementor-element elementor-element-7294b27 elementor-invisible elementor-widget elementor-widget-text-editor\" data-id=\"7294b27\" data-element_type=\"widget\" data-e-type=\"widget\" data-settings=\"{&quot;_animation&quot;:&quot;zoomIn&quot;}\" data-widget_type=\"text-editor.default\">\n\t\t\t\t<div class=\"elementor-widget-container\">\n\t\t\t\t\t\t\t\t\t<p style=\"text-align: center;\">T\u00e1j\u00e9koztatjuk honlapunk l\u00e1togat\u00f3it, hogy a <span style=\"text-decoration: underline;\">Szakiskola<\/span> ny\u00edlt napot tart a <br \/>8. oszt\u00e1lyosok r\u00e9sz\u00e9re 2024. november 8-\u00e1n, p\u00e9nteken, 8:30h-t\u00f3l 12h-ig.<\/p>\n<p style=\"text-align: center;\">Ugyancsak ny\u00edlt napot tart a <span style=\"text-decoration: underline;\">K\u00e9szs\u00e9gfejleszt\u0151 Iskola<\/span>, <br \/>amely 2024. november 14-\u00e9n, cs\u00fct\u00f6rt\u00f6k\u00f6n, reggel 10h-t\u00f3l v\u00e1rja az \u00e9rdekl\u0151d\u0151ket.<\/p>\n<p style=\"text-align: center;\">A jelentkez\u00e9seket a <a href=\"mailto:szakiskola@vakisk.hu\" target=\"_blank\" rel=\"noopener\">szakiskola@vakisk.hu<\/a> e-mail c\u00edmre v\u00e1rjuk!<\/p>\n<p style=\"text-align: center;\"><span style=\"color: #ff0000;\"><strong>Szeretettel v\u00e1rjuk l\u00e1togat\u00f3inkat, hogy bemutathassuk Szakiskol\u00e1nkat, m\u0171helyeinket!<\/strong><\/span><\/p>\t\t\t\t\t\t\t\t<\/div>\n\t\t\t\t<\/div>\n\t\t\t\t\t<\/div>\n\t\t<\/div>\n\t\t\t\t\t<\/div>\n\t\t<\/section>\n\t\t\t\t<section class=\"elementor-section elementor-top-section elementor-element elementor-element-8fa5af8 elementor-section-boxed elementor-section-height-default elementor-section-height-default\" data-id=\"8fa5af8\" data-element_type=\"section\" data-e-type=\"section\">\n\t\t\t\t\t\t<div class=\"elementor-container elementor-column-gap-default\">\n\t\t\t\t\t<div class=\"elementor-column elementor-col-100 elementor-top-column elementor-element elementor-element-73350d7\" data-id=\"73350d7\" data-element_type=\"column\" data-e-type=\"column\">\n\t\t\t<div class=\"elementor-widget-wrap elementor-element-populated\">\n\t\t\t\t\t\t<div class=\"elementor-element elementor-element-1c97980 elementor-invisible elementor-widget elementor-widget-image\" data-id=\"1c97980\" data-element_type=\"widget\" data-e-type=\"widget\" data-settings=\"{&quot;_animation&quot;:&quot;zoomIn&quot;}\" data-widget_type=\"image.default\">\n\t\t\t\t<div class=\"elementor-widget-container\">\n\t\t\t\t\t\t\t\t\t\t\t\t\t\t\t\t<a href=\"https:\/\/www.vakisk.hu\/wp-content\/uploads\/2024\/10\/20241007-Nyilt-nap-2024.jpg\" data-elementor-open-lightbox=\"yes\" data-elementor-lightbox-title=\"Ny\u00edlt nap a Szakiskol\u00e1ban 2024. november 8-\u00e1n.\" data-elementor-lightbox-description=\"Ny\u00edlt nap a Szakiskol\u00e1ban 2024. november 8-\u00e1n.\" data-e-action-hash=\"#elementor-action%3Aaction%3Dlightbox%26settings%3DeyJpZCI6NzUzMywidXJsIjoiaHR0cHM6XC9cL3d3dy52YWtpc2suaHVcL3dwLWNvbnRlbnRcL3VwbG9hZHNcLzIwMjRcLzEwXC8yMDI0MTAwNy1OeWlsdC1uYXAtMjAyNC5qcGcifQ%3D%3D\">\n\t\t\t\t\t\t\t<img decoding=\"async\" width=\"800\" height=\"450\" src=\"https:\/\/www.vakisk.hu\/wp-content\/uploads\/2024\/10\/20241007-Nyilt-nap-2024-1024x576.jpg\" class=\"elementor-animation-buzz-out attachment-large size-large wp-image-7533\" alt=\"Ny\u00edlt nap a Szakiskol\u00e1ban 2024. november 8-\u00e1n.\" srcset=\"https:\/\/www.vakisk.hu\/wp-content\/uploads\/2024\/10\/20241007-Nyilt-nap-2024-1024x576.jpg 1024w, https:\/\/www.vakisk.hu\/wp-content\/uploads\/2024\/10\/20241007-Nyilt-nap-2024-300x169.jpg 300w, https:\/\/www.vakisk.hu\/wp-content\/uploads\/2024\/10\/20241007-Nyilt-nap-2024-768x432.jpg 768w, https:\/\/www.vakisk.hu\/wp-content\/uploads\/2024\/10\/20241007-Nyilt-nap-2024-150x84.jpg 150w, https:\/\/www.vakisk.hu\/wp-content\/uploads\/2024\/10\/20241007-Nyilt-nap-2024.jpg 1280w\" sizes=\"(max-width: 800px) 100vw, 800px\" \/>\t\t\t\t\t\t\t\t<\/a>\n\t\t\t\t\t\t\t\t\t\t\t\t\t\t\t<\/div>\n\t\t\t\t<\/div>\n\t\t\t\t\t<\/div>\n\t\t<\/div>\n\t\t\t\t\t<\/div>\n\t\t<\/section>\n\t\t\t\t<\/div>\n\t\t","protected":false},"excerpt":{"rendered":"<p>T\u00e1j\u00e9koztatjuk honlapunk l\u00e1togat\u00f3it, hogy Szakiskol\u00e1nk ny\u00edlt napot tart a 8. oszt\u00e1lyosok r\u00e9sz\u00e9re 2023 november 8-\u00e1n, p\u00e9nteken, 8:30h-t\u00f3l. Az \u00e9rdekl\u0151d\u0151k jelentkez\u00e9s\u00e9t az szakiskola@vakisk.hu e-mail c\u00edmre v\u00e1rjuk! <a class=\"continue-reading-link\" href=\"https:\/\/www.vakisk.hu\/?p=7524\">Tov\u00e1bb <span class=\"meta-nav\">&rarr; <\/span><\/a><\/p>\n","protected":false},"author":1,"featured_media":4172,"comment_status":"open","ping_status":"open","sticky":false,"template":"","format":"standard","meta":{"footnotes":""},"categories":[7,21],"tags":[140,47,48],"class_list":["post-7524","post","type-post","status-publish","format-standard","has-post-thumbnail","hentry","category-szakiskola","category-tajekoztato","tag-nyilt-nap","tag-szakiskola","tag-tajekoztato"],"_links":{"self":[{"href":"https:\/\/www.vakisk.hu\/index.php?rest_route=\/wp\/v2\/posts\/7524","targetHints":{"allow":["GET"]}}],"collection":[{"href":"https:\/\/www.vakisk.hu\/index.php?rest_route=\/wp\/v2\/posts"}],"about":[{"href":"https:\/\/www.vakisk.hu\/index.php?rest_route=\/wp\/v2\/types\/post"}],"author":[{"embeddable":true,"href":"https:\/\/www.vakisk.hu\/index.php?rest_route=\/wp\/v2\/users\/1"}],"replies":[{"embeddable":true,"href":"https:\/\/www.vakisk.hu\/index.php?rest_route=%2Fwp%2Fv2%2Fcomments&post=7524"}],"version-history":[{"count":0,"href":"https:\/\/www.vakisk.hu\/index.php?rest_route=\/wp\/v2\/posts\/7524\/revisions"}],"wp:featuredmedia":[{"embeddable":true,"href":"https:\/\/www.vakisk.hu\/index.php?rest_route=\/wp\/v2\/media\/4172"}],"wp:attachment":[{"href":"https:\/\/www.vakisk.hu\/index.php?rest_route=%2Fwp%2Fv2%2Fmedia&parent=7524"}],"wp:term":[{"taxonomy":"category","embeddable":true,"href":"https:\/\/www.vakisk.hu\/index.php?rest_route=%2Fwp%2Fv2%2Fcategories&post=7524"},{"taxonomy":"post_tag","embeddable":true,"href":"https:\/\/www.vakisk.hu\/index.php?rest_route=%2Fwp%2Fv2%2Ftags&post=7524"}],"curies":[{"name":"wp","href":"https:\/\/api.w.org\/{rel}","templated":true}]}}