{"id":905,"date":"2018-03-27T20:00:35","date_gmt":"2018-03-27T18:00:35","guid":{"rendered":"http:\/\/www.vakisk.hu\/?p=905"},"modified":"2018-06-05T19:15:53","modified_gmt":"2018-06-05T17:15:53","slug":"kern-andras-tanulonk-a-neked-munka-nekem-alom-programban","status":"publish","type":"post","link":"https:\/\/www.vakisk.hu\/?p=905","title":{"rendered":"Kern Andr\u00e1s tanul\u00f3nk a \u201eNeked munka, nekem \u00e1lom\u201d programban"},"content":{"rendered":"<p>A <a href=\"http:\/\/nekedmunka.hu\/\" target=\"_blank\" rel=\"noopener\"><strong>\u201eNeked munka, nekem \u00e1lom\u201d<\/strong><\/a> program keret\u00e9ben megv\u00e1ltozott munkak\u00e9pess\u00e9g\u0171 \u00e9s fogyat\u00e9kkal \u00e9l\u0151 emberek t\u00f6lthettek el egy napot \u00e1lmaik munkahely\u00e9n.<\/p>\n<p>Szakiskol\u00e1nk tanul\u00f3ja, <strong>Kern Andr\u00e1s<\/strong>,egy aut\u00f3szerel\u0151 m\u0171helybe l\u00e1togatott el az NLCafe t\u00e1rsas\u00e1g\u00e1ban.<\/p>\n<p>Az esem\u00e9nyr\u0151l felv\u00e9tel is k\u00e9sz\u00fclt, amely az <a href=\"https:\/\/www.facebook.com\/noklapjacafe\/videos\/10155704514203773\/\" target=\"_blank\" rel=\"noopener\"><strong>NLCafe Facebook oldal\u00e1n<\/strong><\/a> tekinthet\u0151 meg.<\/p>\n<p><a href=\"https:\/\/www.vakisk.hu\/wp-content\/uploads\/2018\/06\/20180327KernAndr\u00e1s1.png\"><img fetchpriority=\"high\" decoding=\"async\" class=\"aligncenter wp-image-906 size-large\" src=\"https:\/\/www.vakisk.hu\/wp-content\/uploads\/2018\/06\/20180327KernAndr\u00e1s1-1024x574.png\" alt=\"Kern Andr\u00e1s tanul\u00f3nk a \u201eNeked munka, nekem \u00e1lom\u201d programban\" width=\"800\" height=\"448\" srcset=\"https:\/\/www.vakisk.hu\/wp-content\/uploads\/2018\/06\/20180327KernAndr\u00e1s1-1024x574.png 1024w, https:\/\/www.vakisk.hu\/wp-content\/uploads\/2018\/06\/20180327KernAndr\u00e1s1-300x168.png 300w, https:\/\/www.vakisk.hu\/wp-content\/uploads\/2018\/06\/20180327KernAndr\u00e1s1-768x431.png 768w, https:\/\/www.vakisk.hu\/wp-content\/uploads\/2018\/06\/20180327KernAndr\u00e1s1-150x84.png 150w, https:\/\/www.vakisk.hu\/wp-content\/uploads\/2018\/06\/20180327KernAndr\u00e1s1-250x140.png 250w, https:\/\/www.vakisk.hu\/wp-content\/uploads\/2018\/06\/20180327KernAndr\u00e1s1.png 1903w\" sizes=\"(max-width: 800px) 100vw, 800px\" \/><\/a><\/p>\n<p>&nbsp;<\/p>\n","protected":false},"excerpt":{"rendered":"<p> <a class=\"continue-reading-link\" href=\"https:\/\/www.vakisk.hu\/?p=905\">Tov\u00e1bb <span class=\"meta-nav\">&rarr; <\/span><\/a><\/p>\n","protected":false},"author":1,"featured_media":0,"comment_status":"open","ping_status":"closed","sticky":false,"template":"","format":"standard","meta":{"footnotes":""},"categories":[17,7],"tags":[],"class_list":["post-905","post","type-post","status-publish","format-standard","hentry","category-program","category-szakiskola"],"_links":{"self":[{"href":"https:\/\/www.vakisk.hu\/index.php?rest_route=\/wp\/v2\/posts\/905","targetHints":{"allow":["GET"]}}],"collection":[{"href":"https:\/\/www.vakisk.hu\/index.php?rest_route=\/wp\/v2\/posts"}],"about":[{"href":"https:\/\/www.vakisk.hu\/index.php?rest_route=\/wp\/v2\/types\/post"}],"author":[{"embeddable":true,"href":"https:\/\/www.vakisk.hu\/index.php?rest_route=\/wp\/v2\/users\/1"}],"replies":[{"embeddable":true,"href":"https:\/\/www.vakisk.hu\/index.php?rest_route=%2Fwp%2Fv2%2Fcomments&post=905"}],"version-history":[{"count":0,"href":"https:\/\/www.vakisk.hu\/index.php?rest_route=\/wp\/v2\/posts\/905\/revisions"}],"wp:attachment":[{"href":"https:\/\/www.vakisk.hu\/index.php?rest_route=%2Fwp%2Fv2%2Fmedia&parent=905"}],"wp:term":[{"taxonomy":"category","embeddable":true,"href":"https:\/\/www.vakisk.hu\/index.php?rest_route=%2Fwp%2Fv2%2Fcategories&post=905"},{"taxonomy":"post_tag","embeddable":true,"href":"https:\/\/www.vakisk.hu\/index.php?rest_route=%2Fwp%2Fv2%2Ftags&post=905"}],"curies":[{"name":"wp","href":"https:\/\/api.w.org\/{rel}","templated":true}]}}